{"id":121,"date":"2010-02-10T20:05:00","date_gmt":"2010-02-10T22:05:00","guid":{"rendered":"http:\/\/balneariolaconcordia.com\/?p=121"},"modified":"2010-02-10T20:05:00","modified_gmt":"2010-02-10T22:05:00","slug":"carnaval-2010-en-la-bajada-playa-bar","status":"publish","type":"post","link":"https:\/\/balneariolaconcordia.com\/?p=121","title":{"rendered":"Carnaval 2010 en \u00abLa Bajada\u00bb Playa Bar"},"content":{"rendered":"<h3>Me acaban de enviar el siguiente mensaje via Facebook, del siguiente evento que se va a realizar en el Balneario La Concordia:<\/h3>\n<blockquote><p>Sabado 13 baile de carnaval, nieve y antifaces!!!!..<\/p>\n<p>Domingo 14 en la tardecita murga 7y3 en vivo&#8230; en la noche nos seguimos divirtiendo con la disco&#8230;.<\/p>\n<p>Lunes 15 mientras se este entrando el sol, Gran Desfile Show de la manos de las Dise\u00f1adoras Dolore\u00f1as Luciana Premazzi y Natalia Andriolo&#8230; luego x la noche seguimos bailando y sambando de la mano de Escola do Samba \u00abZurdo Rey\u00bb&#8230;<\/p>\n<p>el Carnaval 2010 vivilo a pura diversi\u00f3n en \u00abLa Bajada\u00bb playa bar&#8230; Te lo vas a perder????<\/p><\/blockquote>\n<p><strong>S\u00f3lo esperamos que por favor \u00abNo lluveaaaa!\u00bb, y se pueda desarrollar  todo como se ha previsto.<\/strong><\/p>\n<p><strong>Felicitaciones a la gente de \u00abLa Bajada\u00bb, por tratar de ofrecer eventos y actividades para impulsar un poco m\u00e1s nuestro querido balneario.<\/strong><\/p>\n<p><strong>Y m\u00e1s contentos estamos por impulsar y mostrar el esfuerzo de nuestras dise\u00f1adora con sus creaciones.<\/strong><\/p>\n<p><strong>Que este tambi\u00e9n sea un ejemplo para m\u00e1s j\u00f3venes, de que tambi\u00e9n ac\u00e1 hay gente trabaja y se esfuerza por seguir adelante.<\/strong><\/p>\n<p><strong>Desde aqu\u00ed tambi\u00e9n haremos todo lo posible para difundir todo lo que se haga en beneficio del Balneario, y por eso nos ponemos \u00aba las \u00f3rdenes\u00bb por cualquier planteo.<\/strong><\/p>\n<p><span style=\"text-decoration: underline;\"><strong>Fuente:<\/strong><\/span><\/p>\n<p><strong><a href=\"http:\/\/www.facebook.com\/pages\/La-Bajada-playa-bar\/118537368365\" target=\"_blank\">http:\/\/www.facebook.com\/pages\/La-Bajada-playa-bar\/118537368365<\/a><\/strong><\/p>\n","protected":false},"excerpt":{"rendered":"<p>Me acaban de enviar el siguiente mensaje via Facebook, del siguiente evento que se va a realizar en el Balneario La Concordia: Sabado 13 baile de carnaval, nieve y antifaces!!!!.. Domingo 14 en la tardecita murga 7y3 en vivo&#8230; en la noche nos seguimos divirtiendo con la disco&#8230;. Lunes 15 mientras se este entrando el [&hellip;]<\/p>\n","protected":false},"author":1,"featured_media":0,"comment_status":"open","ping_status":"open","sticky":false,"template":"","format":"standard","meta":{"footnotes":""},"categories":[1],"tags":[],"class_list":["post-121","post","type-post","status-publish","format-standard","hentry","category-uncategorized"],"_links":{"self":[{"href":"https:\/\/balneariolaconcordia.com\/index.php?rest_route=\/wp\/v2\/posts\/121","targetHints":{"allow":["GET"]}}],"collection":[{"href":"https:\/\/balneariolaconcordia.com\/index.php?rest_route=\/wp\/v2\/posts"}],"about":[{"href":"https:\/\/balneariolaconcordia.com\/index.php?rest_route=\/wp\/v2\/types\/post"}],"author":[{"embeddable":true,"href":"https:\/\/balneariolaconcordia.com\/index.php?rest_route=\/wp\/v2\/users\/1"}],"replies":[{"embeddable":true,"href":"https:\/\/balneariolaconcordia.com\/index.php?rest_route=%2Fwp%2Fv2%2Fcomments&post=121"}],"version-history":[{"count":0,"href":"https:\/\/balneariolaconcordia.com\/index.php?rest_route=\/wp\/v2\/posts\/121\/revisions"}],"wp:attachment":[{"href":"https:\/\/balneariolaconcordia.com\/index.php?rest_route=%2Fwp%2Fv2%2Fmedia&parent=121"}],"wp:term":[{"taxonomy":"category","embeddable":true,"href":"https:\/\/balneariolaconcordia.com\/index.php?rest_route=%2Fwp%2Fv2%2Fcategories&post=121"},{"taxonomy":"post_tag","embeddable":true,"href":"https:\/\/balneariolaconcordia.com\/index.php?rest_route=%2Fwp%2Fv2%2Ftags&post=121"}],"curies":[{"name":"wp","href":"https:\/\/api.w.org\/{rel}","templated":true}]}}