{"id":133,"date":"2010-07-27T00:29:07","date_gmt":"2010-07-27T03:29:07","guid":{"rendered":"http:\/\/balneariolaconcordia.com\/?p=133"},"modified":"2010-07-27T00:29:07","modified_gmt":"2010-07-27T03:29:07","slug":"ovni-en-la-concordia","status":"publish","type":"post","link":"https:\/\/balneariolaconcordia.com\/?p=133","title":{"rendered":"OVNI en la Concordia?"},"content":{"rendered":"<h3>La fotograf\u00eda fue tomada el 16 de  febrero de 2010 desde el BALNEARIO LA  CONCORDIA, por un maestro rural.<\/h3>\n<p>Nos lleg\u00f3 hace unas horas por  intermedio de una colega del aficionado  fot\u00f3grafo.<\/p>\n<p style=\"text-align: center;\"><a href=\"http:\/\/www.balneariolaconcordia.com\/wp-content\/uploads\/2010\/07\/Ovni-en-la-Concordia1.jpg\" target=\"_blank\"><img loading=\"lazy\" decoding=\"async\" class=\"aligncenter size-medium wp-image-138\" title=\"Ovni en la Concordia\" src=\"http:\/\/www.balneariolaconcordia.com\/wp-content\/uploads\/2010\/07\/Ovni-en-la-Concordia1-300x225.jpg\" alt=\"\" width=\"509\" height=\"380\" \/><\/a><\/p>\n<p><strong>Esta foto, va en portada del d\u00edario IRUP\u00c9 de este lunes 26 de Julio.<\/strong><\/p>\n<p><strong>Seg\u00fan parece la idea  era tener una imagen de la embarcaci\u00f3n que pasaba por el r\u00edo Uruguay,  con la costa Argentina de fondo.<\/strong><\/p>\n<p><strong>Cuando descarg\u00f3 la c\u00e1mara en su  computadora, descubri\u00f3 la \u00abanomal\u00eda\u00bb, que prefiri\u00f3 no comentar.<\/strong><\/p>\n<p><strong>La foto  no tiene ning\u00fan tipo de trucos, se aprecia el objeto parecido a un OVNI.<\/strong><\/p>\n<h3><strong>\u00bfY a ti que te parece? \u00bfSer\u00e1 un fotomontaje?\u00bfSer\u00e1 real?<\/strong><\/h3>\n<h3><strong>\u00bfCrees en los ovnis y\/o los extraterrestres?<\/strong><\/h3>\n<p><strong>Cu\u00e9ntamelo!<br \/>\n<\/strong><\/p>\n<p><span style=\"text-decoration: underline;\"><strong>Fuente:<\/strong><\/span><\/p>\n<p>Fotos de Freddy Planchon Besson &#8211; Ovni en la Concordia<\/p>\n<p><a href=\"http:\/\/www.facebook.com\/album.php?aid=2070857&amp;id=1514133713\" target=\"_blank\">http:\/\/www.facebook.com\/album.php?aid=2070857&amp;id=1514133713<\/a><\/p>\n","protected":false},"excerpt":{"rendered":"<p>La fotograf\u00eda fue tomada el 16 de febrero de 2010 desde el BALNEARIO LA CONCORDIA, por un maestro rural. Nos lleg\u00f3 hace unas horas por intermedio de una colega del aficionado fot\u00f3grafo. Esta foto, va en portada del d\u00edario IRUP\u00c9 de este lunes 26 de Julio. Seg\u00fan parece la idea era tener una imagen de [&hellip;]<\/p>\n","protected":false},"author":1,"featured_media":0,"comment_status":"open","ping_status":"open","sticky":false,"template":"","format":"standard","meta":{"footnotes":""},"categories":[1],"tags":[],"class_list":["post-133","post","type-post","status-publish","format-standard","hentry","category-uncategorized"],"_links":{"self":[{"href":"https:\/\/balneariolaconcordia.com\/index.php?rest_route=\/wp\/v2\/posts\/133","targetHints":{"allow":["GET"]}}],"collection":[{"href":"https:\/\/balneariolaconcordia.com\/index.php?rest_route=\/wp\/v2\/posts"}],"about":[{"href":"https:\/\/balneariolaconcordia.com\/index.php?rest_route=\/wp\/v2\/types\/post"}],"author":[{"embeddable":true,"href":"https:\/\/balneariolaconcordia.com\/index.php?rest_route=\/wp\/v2\/users\/1"}],"replies":[{"embeddable":true,"href":"https:\/\/balneariolaconcordia.com\/index.php?rest_route=%2Fwp%2Fv2%2Fcomments&post=133"}],"version-history":[{"count":0,"href":"https:\/\/balneariolaconcordia.com\/index.php?rest_route=\/wp\/v2\/posts\/133\/revisions"}],"wp:attachment":[{"href":"https:\/\/balneariolaconcordia.com\/index.php?rest_route=%2Fwp%2Fv2%2Fmedia&parent=133"}],"wp:term":[{"taxonomy":"category","embeddable":true,"href":"https:\/\/balneariolaconcordia.com\/index.php?rest_route=%2Fwp%2Fv2%2Fcategories&post=133"},{"taxonomy":"post_tag","embeddable":true,"href":"https:\/\/balneariolaconcordia.com\/index.php?rest_route=%2Fwp%2Fv2%2Ftags&post=133"}],"curies":[{"name":"wp","href":"https:\/\/api.w.org\/{rel}","templated":true}]}}