{"id":14,"date":"2009-08-22T21:47:16","date_gmt":"2009-08-22T21:47:16","guid":{"rendered":"http:\/\/balneariolaconcordia.com\/?p=14"},"modified":"2009-08-22T21:47:16","modified_gmt":"2009-08-22T21:47:16","slug":"residentes-se-consideran-desprotegidos","status":"publish","type":"post","link":"https:\/\/balneariolaconcordia.com\/?p=14","title":{"rendered":"Residentes se Consideran Desprotegidos"},"content":{"rendered":"<p>En un art\u00edculo del Diario IRUP\u00c9 de Dolores, del jueves 26 de marzo de 2009 que se titula:<\/p>\n<p style=\"text-align: center;\"><strong><em>Residentes de \u00abLa Concordia\u00bb se Consideran Desprotegidos del Sitema Pol\u00edtico.<\/em><\/strong><\/p>\n<p>Se menciona que<em><span style=\"text-decoration: underline;\"> ser\u00eda necesario hacer una p\u00e1gina web<\/span><\/em> para difundir las bondades de dicho balneario.<\/p>\n<p>Bueno, como Emprendedor que soy, me he adelantado a los acontecimientos, viendo desde hace muchos a\u00f1os, ya la necesidad de contar con esta web.<\/p>\n<p>Voy a transcribir casi por completo dicho art\u00edculo ya que realmente me parece un buen reclamo de los vecinos residentes del balneario!<\/p>\n<p><!--more--><\/p>\n<p>[ad#GoogleAdSenseUruBusca468x60]<\/p>\n<p style=\"text-align: center;\">&#8212;*-*-*-*-*-*-*-*-*-*-*-*-*-*-*&#8212;<\/p>\n<p>El tema de los \u00abservicios\u00bb en beneficio de los residentes anuales y aquellos circunstanciales en \u00e9poca estival del Balneario La Concoria, siguen estando en el \u00abojo de la tormenta\u00bb.<\/p>\n<p>Nuevamente algunos residentes de ese paradis\u00edaco lugar, cercano a Dolores, plantearon a IRUP\u00c9, numerosos reclamos p\u00fablicos.<\/p>\n<p>Entienden que sus habitantes parecen \u00absapos de otro charco\u00bb, porque cuando se plantean los reclamos para mejorar los servicios, como lo esencial en salud permanente, las autoridades se pasan las eventuales responsabilidades, que le pertenece a uno, que le pertenece a otro, etc.<\/p>\n<p>Enfatizan que los perjudicados siempre son ellos, los que permanentemente viven en el lugar.<\/p>\n<p>Una de las vecinas fue tajante:<\/p>\n<p><em>\u00abEs que porque somos pocos, humildes, trabajadres, mayor\u00eda de familias de pescadores, que siempre somos los \u00falimos, y nadie se inmuta por nuestros derechos&#8230; por qu\u00e9? Siempre nos preguntamos los mismos y siempre tenemos las mismas respuestas. Para las autoridades somos los \u00faltimos en atender, pero para el voto pol\u00edtico siempre estamos primeros&#8230; y as\u00ed no debe funcionar el sistema. Nos arreglaron las calles? si, la entrada dea acceso&#8230; y las interiores qu\u00e9? Circulamos solo en verano&#8230; y en invierno no?. Levantamos la basura todos los d\u00edas en verano y hasta turismo&#8230; y luego qu\u00e9? cada 15 d\u00edas&#8230; por qu\u00e9? Cortan el c\u00e9sped en verano, pero lamentablemente en el invierno vivimos en compan\u00eda de las v\u00edboras, y con el pasto hasta el techo\u00bb.<\/em><\/p>\n<p>Los vecinos dicen que el c\u00e9sped generalmente se conrta en todas las veredas del Boulevard, pero no se atienden aquellas vereda junto a las Vdas. De MEVIR, donde especialmente residen las familias de Pescadores.<\/p>\n<p>\u00abSeguimos sin Polic\u00ednica, sin sala de Primeros Auxilios y sin nada&#8230;!!!<\/p>\n<p>Hasta cuando vamos\u00a0 a segu\u00edr as\u00ed, qui\u00e9n se encarga de de esto o qui\u00e9n da la cara\u00bb -reflexionaron\u00a0 los vecinos a IRUPE, que reclaman que alguien se ponga las pilas, y que vean que los que residen en La Concordia todo el a\u00f1o&#8230; son humanos&#8230; es \u00abGente\u00bb.<\/p>\n<p>Finalmente sienten la necesidad de que las autoridades departamentales, o alguna instituci\u00f3n privada, trabajen para difundir las bondades de ese lugar.<\/p>\n<p>Una de las posibilidades seg\u00fan lo que ellos entienden, ser\u00eda hacer una p\u00e1gina web o alguna gu\u00eda espec\u00edfica que lo identifique en todo su explendor.<\/p>\n<p>Puntualizan que en la p\u00e1gina de la Intendencia, s\u00f3lo que es un bonito lugar con hermosas playas, y se muestra una foto del Muelle, que merecer\u00eda una mayor adecuaci\u00f3n.<\/p>\n<p style=\"text-align: center;\">&#8212;*-*-*-*-*-*-*-*-*-*-*-*-*-*-*&#8212;<\/p>\n<p style=\"text-align: left;\">Adem\u00e1s en el mismo art\u00edculo aparecen 2 fotos. Una mostrando el Muelle con una descripci\u00f3n debajo que dice \u00abFranja costera situada adjunta al Muelle de La Concordia donde los vecinos reclaman una mayor atenci\u00f3n de las autoridades.\u00bb Y en la otra foto, dice: \u00abTachos de residuos con bolsas fuera de los recipientes son apreciados por d\u00edas en la zona\u00bb.<\/p>\n<p style=\"text-align: left;\">\n<h3 style=\"text-align: left;\">REFLEXIONES:<\/h3>\n<p style=\"text-align: left;\">Al leer este art\u00edculo, varios han sido las ideas que se pueden sacar de \u00e9l.<\/p>\n<p style=\"text-align: left;\">Primeramente, yo me pongo muy contento, ya que el desarrollar este sitio web, aparte de cumplir con un deseo propio, es de suma utilidad tanto para dar a conocer el balneario como para los propios residentes y visitantes que pueden estar informados en la misma.<\/p>\n<p style=\"text-align: left;\">En segundo lugar, la verdad que estoy un poco sorprendido ya que en su momento pens\u00e9 que realmente se empezaba a tomar conciencia del potencial que tiene Soriano para el Turismo, y que <em>no ha sido explotado bien<\/em> en comparaci\u00f3n con nuestros vecinos del Dpto de Colonia que trabajan muy fuertemente en ello.<\/p>\n<p style=\"text-align: left;\">Creo que el ser un departamento principalmente \u00abagropecuario\u00bb y en donde la econom\u00eda departamental, fuente de riquezas en especial impositiva para la Intendencia; ha hecho de que <span style=\"text-decoration: underline;\">No se le de la importancia debida al sector tur\u00edstico<\/span> y por lo tanto <em><span style=\"text-decoration: underline;\">NO se brindan las condiciones<\/span><\/em> para que el sector privado -que es qui\u00e9n en realidad potencia el turismo- no pueda realizar inversiones para ofrecer servicios de calidad a los turistas tanto externos como internos.<\/p>\n<h3 style=\"text-align: left;\"><strong><em>En lo personal, creo que aunque no se quiera reconocer, el balneario \u00abvive\u00bb en verano, pero luego se \u00abmuere\u00bb para el resto del a\u00f1o! Lo que NO justifica que servicios escenciales no se cumplan con un m\u00ednimo de periodicidad y perjudiquen al resto de los residentes.<\/em><\/strong><\/h3>\n<p style=\"text-align: left;\">Se ha hecho \u00abalgo\u00bb, pero es poco! Aqu\u00ed funciona el Turismo s\u00f3lo en verano&#8230; y luego hay que cerrar la cortina!<\/p>\n<p style=\"text-align: left;\">Tambi\u00e9n creo que hay que <strong>\u00abhacer cosas\u00bb -inversiones-<\/strong> para que se pueda utilizar el balneario durante todo el a\u00f1o. Desde un <strong>puerto o embarcadero<\/strong> hasta <strong>distintos eventos <\/strong>durante el invierno; no para ba\u00f1arse en las playas, sino para disfrutar de todo el entorno especialmente los fines de semana.<\/p>\n<p style=\"text-align: left;\">Me parece que todav\u00eda hace falta mucho por hacer&#8230; y que con el correr de los a\u00f1os, llegar\u00e1 a ser muy importante.<\/p>\n<p style=\"text-align: left;\">Bueno, ahora escucho cr\u00edticas constructivas y aportes de ideas para solucionar estos temas!<\/p>\n","protected":false},"excerpt":{"rendered":"<p>En un art\u00edculo del Diario IRUP\u00c9 de Dolores, del jueves 26 de marzo de 2009 que se titula: Residentes de \u00abLa Concordia\u00bb se Consideran Desprotegidos del Sitema Pol\u00edtico. Se menciona que ser\u00eda necesario hacer una p\u00e1gina web para difundir las bondades de dicho balneario. Bueno, como Emprendedor que soy, me he adelantado a los acontecimientos, [&hellip;]<\/p>\n","protected":false},"author":1,"featured_media":0,"comment_status":"open","ping_status":"open","sticky":false,"template":"","format":"standard","meta":{"footnotes":""},"categories":[1],"tags":[],"class_list":["post-14","post","type-post","status-publish","format-standard","hentry","category-uncategorized"],"_links":{"self":[{"href":"https:\/\/balneariolaconcordia.com\/index.php?rest_route=\/wp\/v2\/posts\/14","targetHints":{"allow":["GET"]}}],"collection":[{"href":"https:\/\/balneariolaconcordia.com\/index.php?rest_route=\/wp\/v2\/posts"}],"about":[{"href":"https:\/\/balneariolaconcordia.com\/index.php?rest_route=\/wp\/v2\/types\/post"}],"author":[{"embeddable":true,"href":"https:\/\/balneariolaconcordia.com\/index.php?rest_route=\/wp\/v2\/users\/1"}],"replies":[{"embeddable":true,"href":"https:\/\/balneariolaconcordia.com\/index.php?rest_route=%2Fwp%2Fv2%2Fcomments&post=14"}],"version-history":[{"count":0,"href":"https:\/\/balneariolaconcordia.com\/index.php?rest_route=\/wp\/v2\/posts\/14\/revisions"}],"wp:attachment":[{"href":"https:\/\/balneariolaconcordia.com\/index.php?rest_route=%2Fwp%2Fv2%2Fmedia&parent=14"}],"wp:term":[{"taxonomy":"category","embeddable":true,"href":"https:\/\/balneariolaconcordia.com\/index.php?rest_route=%2Fwp%2Fv2%2Fcategories&post=14"},{"taxonomy":"post_tag","embeddable":true,"href":"https:\/\/balneariolaconcordia.com\/index.php?rest_route=%2Fwp%2Fv2%2Ftags&post=14"}],"curies":[{"name":"wp","href":"https:\/\/api.w.org\/{rel}","templated":true}]}}