{"id":149,"date":"2010-08-03T16:06:30","date_gmt":"2010-08-03T19:06:30","guid":{"rendered":"http:\/\/balneariolaconcordia.com\/?p=149"},"modified":"2010-08-03T16:06:30","modified_gmt":"2010-08-03T19:06:30","slug":"vuelve-material-del-cementerio-indigena-de-la-concordia","status":"publish","type":"post","link":"https:\/\/balneariolaconcordia.com\/?p=149","title":{"rendered":"Vuelve material del Cementerio Ind\u00edgena de la Concordia"},"content":{"rendered":"<h3>Director del Museo Nacional de Antropolog\u00eda dispuesto a ceder material recogido en cementerio ind\u00edgena de la Concordia, pro con condiciones.<\/h3>\n<p>El Director del Museo Nacional de Antropolog\u00eda, Licenciado Arturo Toscano se mostr\u00f3 dispuesto a<strong><em> ceder parte del material de un cementerio ind\u00edgena recogido en 1953 en la zona de Ca\u00f1ada Saldhana, cerca al Balneario la Concordia<\/em><\/strong>, al Museo Regional de Dolores que administra la Asociaci\u00f3n Civil \u00ab<strong>Lacan Guaz\u00fa<\/strong>\u00ab, si se cumplen determinadas condiciones de presentaci\u00f3n en vitrinas adecuadas, iluminaci\u00f3n, contexto e inclusive de seguridad.<\/p>\n<p>Toscano recibi\u00f3 este viernes a una delegaci\u00f3n local, que le present\u00f3 adem\u00e1s una nota con la solicitud de que una parte de los restos de los t\u00famulos de indios, <strong>extra\u00eddos en 1953<\/strong> sean radicados en Dolores.<\/p>\n<p>[ad#GoogleAdSenseUruBusca468x60]<\/p>\n<p>El pedido fue acompa\u00f1ado adem\u00e1s por una carta firmada por todos los integrantes del Consejo Municipal de Dolores, el Alcalde Javier Utermark y los concejales Walter Sasso, Mario Sergio Camacho, Alejandro Poloni y Milton Ram\u00f3n Mastandrea, quienes durante la sesi\u00f3n del d\u00eda jueves resolvieron un\u00e1nimemente acompa\u00f1ar la gesti\u00f3n, comprometiendo su apoyo para que el referido material cuente con elementos apropiados que faciliten su retorno.<\/p>\n<p>toscano, se\u00f1al\u00f3 a la delegaci\u00f3n visitante que vendr\u00e1 nuevamente a Dolores, ciudad a la que ya conoce pues fue \u00e9l, qui\u00e9n instal\u00f3 la primera muestra del Museo de la Agricultura, y tomar\u00e1 contacto con el Consejo Municipal, as\u00ed como determinar in situ las actuales condiciones del local para alojar los solicitados elementos patrimoniales.<\/p>\n<p>M\u00e1s all\u00e1 de la buena disposici\u00f3n del jerarca, qued\u00f3 establecido que corresponde adem\u00e1s realizar las debidas gestiones ante el Ministerio de Educaci\u00f3n y cultura a qui\u00e9n juridiscionalmente le corresponde expedirse sobre el pedido.<\/p>\n<p><strong><span style=\"text-decoration: underline;\">FUENTE:<\/span><\/strong><\/p>\n<p>DIARIO Irup\u00e9 de Dolores del Domingo 1 de Agosto de 2010.<\/p>\n<p>&#8212;-<\/p>\n<p><span style=\"text-decoration: underline;\"><strong>DEL EDITOR:<\/strong><\/span><\/p>\n<p>Me alegra un mont\u00f3n que ese material pueda volver, si no es a su lugar de origen, por lo menos a un lugar representativo y que est\u00e9 m\u00e1s cerca de sus or\u00edgenes.<\/p>\n<p>Aunque -y como idea-, ser\u00eda super interesante, que en la \u00e9poca de verano, este material est\u00e9 directamente en el balneario en una \u00abMuestra Itinerante\u00bb, para as\u00ed impulsar el turismo, un poco m\u00e1s la cultura y la relaci\u00f3n con el lugar.<\/p>\n","protected":false},"excerpt":{"rendered":"<p>Director del Museo Nacional de Antropolog\u00eda dispuesto a ceder material recogido en cementerio ind\u00edgena de la Concordia, pro con condiciones. El Director del Museo Nacional de Antropolog\u00eda, Licenciado Arturo Toscano se mostr\u00f3 dispuesto a ceder parte del material de un cementerio ind\u00edgena recogido en 1953 en la zona de Ca\u00f1ada Saldhana, cerca al Balneario la [&hellip;]<\/p>\n","protected":false},"author":1,"featured_media":0,"comment_status":"open","ping_status":"open","sticky":false,"template":"","format":"standard","meta":{"footnotes":""},"categories":[1],"tags":[],"class_list":["post-149","post","type-post","status-publish","format-standard","hentry","category-uncategorized"],"_links":{"self":[{"href":"https:\/\/balneariolaconcordia.com\/index.php?rest_route=\/wp\/v2\/posts\/149","targetHints":{"allow":["GET"]}}],"collection":[{"href":"https:\/\/balneariolaconcordia.com\/index.php?rest_route=\/wp\/v2\/posts"}],"about":[{"href":"https:\/\/balneariolaconcordia.com\/index.php?rest_route=\/wp\/v2\/types\/post"}],"author":[{"embeddable":true,"href":"https:\/\/balneariolaconcordia.com\/index.php?rest_route=\/wp\/v2\/users\/1"}],"replies":[{"embeddable":true,"href":"https:\/\/balneariolaconcordia.com\/index.php?rest_route=%2Fwp%2Fv2%2Fcomments&post=149"}],"version-history":[{"count":0,"href":"https:\/\/balneariolaconcordia.com\/index.php?rest_route=\/wp\/v2\/posts\/149\/revisions"}],"wp:attachment":[{"href":"https:\/\/balneariolaconcordia.com\/index.php?rest_route=%2Fwp%2Fv2%2Fmedia&parent=149"}],"wp:term":[{"taxonomy":"category","embeddable":true,"href":"https:\/\/balneariolaconcordia.com\/index.php?rest_route=%2Fwp%2Fv2%2Fcategories&post=149"},{"taxonomy":"post_tag","embeddable":true,"href":"https:\/\/balneariolaconcordia.com\/index.php?rest_route=%2Fwp%2Fv2%2Ftags&post=149"}],"curies":[{"name":"wp","href":"https:\/\/api.w.org\/{rel}","templated":true}]}}