{"id":220,"date":"2011-12-07T01:08:16","date_gmt":"2011-12-07T04:08:16","guid":{"rendered":"http:\/\/balneariolaconcordia.com\/?p=220"},"modified":"2011-12-07T01:08:16","modified_gmt":"2011-12-07T04:08:16","slug":"mi-1er-dia-en-la-playa-con-mi-sobrino-emi-y-el-estado-del-balneario","status":"publish","type":"post","link":"https:\/\/balneariolaconcordia.com\/?p=220","title":{"rendered":"Mi 1er. d\u00eda en la playa con mi sobrino EMI, y el estado del Balneario!"},"content":{"rendered":"<p>El 27-11-2011, junto a mis padres y mi sobrino Emiliano, fuimos al balneario, quiz\u00e1s inaugurando mis idas para este verano 2011-2012 y tambi\u00e9n para el ba\u00f1o de bautismo o de 1era vez de mi sobrino en la playa.<\/p>\n<p>Realmente aunque podr\u00eda parecer que deber\u00eda estar fr\u00eda el agua, no lo estaba en lo absoluto, por lo menos en la orilla y unos 15 o 25 mts para adentro.<\/p>\n<p>Dir\u00edamos que estaba templado y agradable aunque el cielo estaba no del todo claro, con algunas cuantas nubes.<\/p>\n<p>Por lo general, mis primeras visitas tempranas en la temporada son <em>para ver el estado en el que se encuentra el balneario<\/em>, y los cambios que puedan surgir.<\/p>\n<p>Me encant\u00f3 la vegetaci\u00f3n que hay, bastante completa y muy buena. Pienso que el pasto, en el correr de los d\u00edas lo van a cortar por lo menos cerca de los paradores y playas.<\/p>\n<p>Lo que si vi malo, es que el agua del r\u00edo se ha \u00abcomido\u00bb un poco de playa y algunos \u00e1rboles en frente a \u00abPuesta del Sol\u00bb. Este es un tema que todos los a\u00f1os sucede, y que debiera buscarse una soluci\u00f3n durante el a\u00f1o.<\/p>\n<p>Seg\u00fan lo que me estuvieron contando en el comercio \u00abProveedur\u00eda Miriam\u00bb;\u00a0 parece ser que cerca del 17 de diciembre van a realizar un evento y con ello se dar\u00eda por \u00abinaugurada\u00bb la temporada.<\/p>\n<p>Tambi\u00e9n encontr\u00e9 que la \u00abZona Nueva\u00bb del Balneario, que se llama \u00abALTOS del R\u00cdO URUGUAY\u00bb, ya cuenta con agua y electricidad; y que adem\u00e1s hay 2 carteles grandes en donde se ofrecen para la venta los solares respectivos.<\/p>\n<p>Bueno, aqu\u00ed les comparto algunas fotos&#8230; No me van a encontrar porque el fot\u00f3grafo era yo!<\/p>\n<p><!--more--><\/p>\n<p><span style=\"text-decoration: underline;\"><strong>Mi Sobrino Emiliano:<\/strong><\/span><\/p>\n<p>[imagebrowser id=2]<\/p>\n<p>&nbsp;<\/p>\n<p><strong>Estado del Balneario al comienzo temporada 2011\/2012:<\/strong><\/p>\n<p><strong>[nggallery id=3]<\/strong><\/p>\n<p>.<\/p>\n","protected":false},"excerpt":{"rendered":"<p>El 27-11-2011, junto a mis padres y mi sobrino Emiliano, fuimos al balneario, quiz\u00e1s inaugurando mis idas para este verano 2011-2012 y tambi\u00e9n para el ba\u00f1o de bautismo o de 1era vez de mi sobrino en la playa. Realmente aunque podr\u00eda parecer que deber\u00eda estar fr\u00eda el agua, no lo estaba en lo absoluto, por [&hellip;]<\/p>\n","protected":false},"author":1,"featured_media":0,"comment_status":"open","ping_status":"open","sticky":false,"template":"","format":"standard","meta":{"footnotes":""},"categories":[1],"tags":[],"class_list":["post-220","post","type-post","status-publish","format-standard","hentry","category-uncategorized"],"_links":{"self":[{"href":"https:\/\/balneariolaconcordia.com\/index.php?rest_route=\/wp\/v2\/posts\/220","targetHints":{"allow":["GET"]}}],"collection":[{"href":"https:\/\/balneariolaconcordia.com\/index.php?rest_route=\/wp\/v2\/posts"}],"about":[{"href":"https:\/\/balneariolaconcordia.com\/index.php?rest_route=\/wp\/v2\/types\/post"}],"author":[{"embeddable":true,"href":"https:\/\/balneariolaconcordia.com\/index.php?rest_route=\/wp\/v2\/users\/1"}],"replies":[{"embeddable":true,"href":"https:\/\/balneariolaconcordia.com\/index.php?rest_route=%2Fwp%2Fv2%2Fcomments&post=220"}],"version-history":[{"count":0,"href":"https:\/\/balneariolaconcordia.com\/index.php?rest_route=\/wp\/v2\/posts\/220\/revisions"}],"wp:attachment":[{"href":"https:\/\/balneariolaconcordia.com\/index.php?rest_route=%2Fwp%2Fv2%2Fmedia&parent=220"}],"wp:term":[{"taxonomy":"category","embeddable":true,"href":"https:\/\/balneariolaconcordia.com\/index.php?rest_route=%2Fwp%2Fv2%2Fcategories&post=220"},{"taxonomy":"post_tag","embeddable":true,"href":"https:\/\/balneariolaconcordia.com\/index.php?rest_route=%2Fwp%2Fv2%2Ftags&post=220"}],"curies":[{"name":"wp","href":"https:\/\/api.w.org\/{rel}","templated":true}]}}