{"id":222,"date":"2011-12-15T00:15:25","date_gmt":"2011-12-15T03:15:25","guid":{"rendered":"http:\/\/balneariolaconcordia.com\/?p=222"},"modified":"2011-12-15T00:15:25","modified_gmt":"2011-12-15T03:15:25","slug":"altos-del-rio-uruguay-solares-para-la-venta","status":"publish","type":"post","link":"https:\/\/balneariolaconcordia.com\/?p=222","title":{"rendered":"ALTOS del R\u00cdO URUGUAY: Solares para la Venta (Actualizado)."},"content":{"rendered":"<p><strong>Ya hace unos cuantos a\u00f1os, empez\u00f3 un proyecto de urbanizaci\u00f3n, que lamentablemente ha tenido que sortear un mont\u00f3n de\u00a0 escollos para poder llevarse a cabo, pero que cada vez est\u00e1 m\u00e1s cerca de concretarse.<\/strong><\/p>\n<p>Proyecto, que hoy se lo conoce como <strong>\u00abALTOS del R\u00cdO URUGUAY\u00bb<\/strong>, y est\u00e1 ubicado en la \u00abZona Nueva\u00bb del balneario, entre el balneario mismo y el chalet conocido como \u00abdel <del>Boliviano<\/del> Colombiano\u00bb.<\/p>\n<p>A d\u00eda de hoy,\u00a0 est\u00e1n los\u00a0 solares diagramados, incluso con todas sus calles; y adem\u00e1s ya cuentan con <strong><em>Energ\u00eda El\u00e9ctrica<\/em><\/strong> y <em><strong>Agua<\/strong><\/em>.<\/p>\n<p>La expansi\u00f3n del balneario, y conseguir\u00e1 dotar al Balneario La Concordia de una mayor estructura, con la que en el futuro tambi\u00e9n se ir\u00e1n agregando mayores servicios.<\/p>\n<p><!--more--><\/p>\n<p><del>Esta urbanizaci\u00f3n, en el futuro tambi\u00e9n ser\u00e1 acompa\u00f1ada por un fraccionamiento que realizar\u00e1 la Intendencia de los terrenos que est\u00e1n en la zona del tanque de la OSE<\/del>. La Intendencia no fraccionar\u00e1 su predio ya que se decidi\u00f3 que quede como <strong>\u00e1rea de servicio<\/strong> y considerando que con el fraccionamiento Altos del R\u00edo Uruguay hay oferta suficiente de lotes.<\/p>\n<p>A diferencia de esta, los \u00abALTOS del R\u00cdO URUGUAY\u00bb tienen una visi\u00f3n privilegiada, ya que la zona es elevada y\u00a0 da frente al r\u00edo, lo que le da una vista espectacular en el atardecer.<\/p>\n<p style=\"text-align: center;\"><a href=\"http:\/\/www.balneariolaconcordia.com\/wp-content\/uploads\/2011\/12\/100_4046-balneariolaconcordia.com_1.jpg\"><img loading=\"lazy\" decoding=\"async\" class=\"aligncenter size-full wp-image-246\" title=\"100_4046-balneariolaconcordia.com\" src=\"http:\/\/www.balneariolaconcordia.com\/wp-content\/uploads\/2011\/12\/100_4046-balneariolaconcordia.com_1.jpg\" alt=\"\" width=\"512\" height=\"383\" \/><\/a><\/p>\n<p style=\"text-align: center;\"><a href=\"http:\/\/www.balneariolaconcordia.com\/wp-content\/uploads\/2011\/12\/100_4047-balneariolaconcordia.com_1.jpg\"><img loading=\"lazy\" decoding=\"async\" class=\"aligncenter size-full wp-image-247\" title=\"100_4047-balneariolaconcordia.com\" src=\"http:\/\/www.balneariolaconcordia.com\/wp-content\/uploads\/2011\/12\/100_4047-balneariolaconcordia.com_1.jpg\" alt=\"\" width=\"512\" height=\"383\" \/><\/a><\/p>\n<p style=\"text-align: center;\"><a href=\"http:\/\/www.balneariolaconcordia.com\/wp-content\/uploads\/2011\/12\/3-altosdeluruguay-balneariolaconcordia.com_1.jpg\"><img loading=\"lazy\" decoding=\"async\" class=\"aligncenter size-full wp-image-255\" title=\"3-altosdeluruguay-balneariolaconcordia.com\" src=\"http:\/\/www.balneariolaconcordia.com\/wp-content\/uploads\/2011\/12\/3-altosdeluruguay-balneariolaconcordia.com_1.jpg\" alt=\"\" width=\"512\" height=\"383\" \/><\/a><\/p>\n<p style=\"text-align: center;\"><a href=\"http:\/\/www.balneariolaconcordia.com\/wp-content\/uploads\/2011\/12\/4-altosdeluruguay-balneariolaconcordia.com_1.jpg\"><img loading=\"lazy\" decoding=\"async\" class=\"aligncenter size-full wp-image-256\" title=\"4-altosdeluruguay-balneariolaconcordia.com\" src=\"http:\/\/www.balneariolaconcordia.com\/wp-content\/uploads\/2011\/12\/4-altosdeluruguay-balneariolaconcordia.com_1.jpg\" alt=\"\" width=\"512\" height=\"383\" \/><\/a><\/p>\n<p style=\"text-align: left;\"><span style=\"text-decoration: underline;\"><strong>EDITORIAL:<\/strong><\/span><\/p>\n<p style=\"text-align: left;\">Much\u00edsimas Gracias al comentario de Cristian que nos permite corregir y mejorar nuestra web.<\/p>\n","protected":false},"excerpt":{"rendered":"<p>Ya hace unos cuantos a\u00f1os, empez\u00f3 un proyecto de urbanizaci\u00f3n, que lamentablemente ha tenido que sortear un mont\u00f3n de\u00a0 escollos para poder llevarse a cabo, pero que cada vez est\u00e1 m\u00e1s cerca de concretarse. Proyecto, que hoy se lo conoce como \u00abALTOS del R\u00cdO URUGUAY\u00bb, y est\u00e1 ubicado en la \u00abZona Nueva\u00bb del balneario, entre [&hellip;]<\/p>\n","protected":false},"author":1,"featured_media":0,"comment_status":"open","ping_status":"open","sticky":false,"template":"","format":"standard","meta":{"footnotes":""},"categories":[1],"tags":[],"class_list":["post-222","post","type-post","status-publish","format-standard","hentry","category-uncategorized"],"_links":{"self":[{"href":"https:\/\/balneariolaconcordia.com\/index.php?rest_route=\/wp\/v2\/posts\/222","targetHints":{"allow":["GET"]}}],"collection":[{"href":"https:\/\/balneariolaconcordia.com\/index.php?rest_route=\/wp\/v2\/posts"}],"about":[{"href":"https:\/\/balneariolaconcordia.com\/index.php?rest_route=\/wp\/v2\/types\/post"}],"author":[{"embeddable":true,"href":"https:\/\/balneariolaconcordia.com\/index.php?rest_route=\/wp\/v2\/users\/1"}],"replies":[{"embeddable":true,"href":"https:\/\/balneariolaconcordia.com\/index.php?rest_route=%2Fwp%2Fv2%2Fcomments&post=222"}],"version-history":[{"count":0,"href":"https:\/\/balneariolaconcordia.com\/index.php?rest_route=\/wp\/v2\/posts\/222\/revisions"}],"wp:attachment":[{"href":"https:\/\/balneariolaconcordia.com\/index.php?rest_route=%2Fwp%2Fv2%2Fmedia&parent=222"}],"wp:term":[{"taxonomy":"category","embeddable":true,"href":"https:\/\/balneariolaconcordia.com\/index.php?rest_route=%2Fwp%2Fv2%2Fcategories&post=222"},{"taxonomy":"post_tag","embeddable":true,"href":"https:\/\/balneariolaconcordia.com\/index.php?rest_route=%2Fwp%2Fv2%2Ftags&post=222"}],"curies":[{"name":"wp","href":"https:\/\/api.w.org\/{rel}","templated":true}]}}