{"id":394,"date":"2012-09-21T11:41:53","date_gmt":"2012-09-21T14:41:53","guid":{"rendered":"http:\/\/balneariolaconcordia.com\/?p=394"},"modified":"2012-09-21T11:41:53","modified_gmt":"2012-09-21T14:41:53","slug":"19-09-2012-temporal-en-la-concordia","status":"publish","type":"post","link":"https:\/\/balneariolaconcordia.com\/?p=394","title":{"rendered":"19-09-2012 Temporal en la Concordia"},"content":{"rendered":"<p><strong>El d\u00eda 19 de setiembre,\u00a0 el pa\u00eds ha sufrido en sus zonas costeras, un fuerte Temporal que ha afectado gravemente tambi\u00e9n a nuestro Balneario.<\/strong><\/p>\n<p>Les dejo aqu\u00ed fotos de lo sucedido:<\/p>\n<p>[nggallery id=5]<\/p>\n<p>.<\/p>\n<p><strong><span style=\"text-decoration: underline;\">FUENTE:<\/span><\/strong><\/p>\n<p><a href=\"http:\/\/www.facebook.com\/fodik.fotografiaindependiente\" target=\"_blank\">http:\/\/www.facebook.com\/fodik.fotografiaindependiente<\/a><\/p>\n<p>&nbsp;<\/p>\n","protected":false},"excerpt":{"rendered":"<p>El d\u00eda 19 de setiembre,\u00a0 el pa\u00eds ha sufrido en sus zonas costeras, un fuerte Temporal que ha afectado gravemente tambi\u00e9n a nuestro Balneario. Les dejo aqu\u00ed fotos de lo sucedido: [nggallery id=5] . FUENTE: http:\/\/www.facebook.com\/fodik.fotografiaindependiente &nbsp;<\/p>\n","protected":false},"author":1,"featured_media":0,"comment_status":"open","ping_status":"open","sticky":false,"template":"","format":"standard","meta":{"footnotes":""},"categories":[1],"tags":[],"class_list":["post-394","post","type-post","status-publish","format-standard","hentry","category-uncategorized"],"_links":{"self":[{"href":"https:\/\/balneariolaconcordia.com\/index.php?rest_route=\/wp\/v2\/posts\/394","targetHints":{"allow":["GET"]}}],"collection":[{"href":"https:\/\/balneariolaconcordia.com\/index.php?rest_route=\/wp\/v2\/posts"}],"about":[{"href":"https:\/\/balneariolaconcordia.com\/index.php?rest_route=\/wp\/v2\/types\/post"}],"author":[{"embeddable":true,"href":"https:\/\/balneariolaconcordia.com\/index.php?rest_route=\/wp\/v2\/users\/1"}],"replies":[{"embeddable":true,"href":"https:\/\/balneariolaconcordia.com\/index.php?rest_route=%2Fwp%2Fv2%2Fcomments&post=394"}],"version-history":[{"count":0,"href":"https:\/\/balneariolaconcordia.com\/index.php?rest_route=\/wp\/v2\/posts\/394\/revisions"}],"wp:attachment":[{"href":"https:\/\/balneariolaconcordia.com\/index.php?rest_route=%2Fwp%2Fv2%2Fmedia&parent=394"}],"wp:term":[{"taxonomy":"category","embeddable":true,"href":"https:\/\/balneariolaconcordia.com\/index.php?rest_route=%2Fwp%2Fv2%2Fcategories&post=394"},{"taxonomy":"post_tag","embeddable":true,"href":"https:\/\/balneariolaconcordia.com\/index.php?rest_route=%2Fwp%2Fv2%2Ftags&post=394"}],"curies":[{"name":"wp","href":"https:\/\/api.w.org\/{rel}","templated":true}]}}