{"id":470,"date":"2013-01-17T19:55:32","date_gmt":"2013-01-17T22:55:32","guid":{"rendered":"http:\/\/balneariolaconcordia.com\/?p=470"},"modified":"2013-01-17T19:55:32","modified_gmt":"2013-01-17T22:55:32","slug":"9-personas-lesionada-en-vuelco-de-un-camion-joven-dolorena-en-grave-estado","status":"publish","type":"post","link":"https:\/\/balneariolaconcordia.com\/?p=470","title":{"rendered":"9 personas lesionada en vuelco de un cami\u00f3n. Joven dolore\u00f1a en grave estado."},"content":{"rendered":"<p><strong>Valentina Gra\u00f1a Portillo, de 16 a\u00f1os, permanece internada en estado delicado en el CTI de CAMS Mercedes, a consecuencia de las lesiones producidas durante el vuelco de un cami\u00f3n, registrado el domingo pasado en horas de la tarde ene el camino que va del balneario La Concordia a ruta 21.<\/strong><\/p>\n<p>Valentina, qui\u00e9n fue intervenida quir\u00fargicamente en el Hospital de Dolores, result\u00f3 con una lesi\u00f3n hep\u00e1tica, tras caer de la caja del cami\u00f3n. El accidente tuvo otras personas golpeadas.<\/p>\n<p>De acuerdo a la informaci\u00f3n oficial el cami\u00f3n utilitario KDA 5145 se dirig\u00eda hacia Dolores, y aparentemente el conductor P.L. de 35 a\u00f1os, adelant\u00f3 a un \u00f3mnibus que se trasladaba en la misma direcci\u00f3n y sentido, pero con tan mala fortuna que perdi\u00f3 el dominio del rodado, zigzague\u00f3 y volc\u00f3.<\/p>\n<p>A ra\u00edz del vuelco, cayeron los ocupantes de la caja. Estos &#8211; que hab\u00edan sido recogidos tras hacer dedo- resultaron lesionados, as\u00ed como el conductor, su esposa y su hijo que viajaban en la cabina.<\/p>\n<p><span style=\"text-decoration: underline;\">EDITORIAL:<\/span><\/p>\n<p>Se recomienda:<\/p>\n<ul>\n<li>Tener mucho cuidado con el traslado de personas en las cajas de camionetas y camiones, los cuales deber\u00edan ir sentado en el piso y no en las barandas como muchos imprudentes van.<\/li>\n<li>Tener cuidado con la ruta a la concordia, ya que es muy angosta y en muchos tramos, en especial en los puentes y alcantarillas se encuentran en muy mal estado.<\/li>\n<li>A los motociclistas, utilizar el casco y sobre todo revisar las luces para volver o ir de noche.<\/li>\n<li>Por \u00faltimo, andar despacio. Haz que tu viaje se un disfrute, no una tragedia. No vas apurado a trabajar! Vas a divertirte y pasarla bien.<\/li>\n<\/ul>\n","protected":false},"excerpt":{"rendered":"<p>Valentina Gra\u00f1a Portillo, de 16 a\u00f1os, permanece internada en estado delicado en el CTI de CAMS Mercedes, a consecuencia de las lesiones producidas durante el vuelco de un cami\u00f3n, registrado el domingo pasado en horas de la tarde ene el camino que va del balneario La Concordia a ruta 21. Valentina, qui\u00e9n fue intervenida quir\u00fargicamente [&hellip;]<\/p>\n","protected":false},"author":1,"featured_media":0,"comment_status":"open","ping_status":"open","sticky":false,"template":"","format":"standard","meta":{"footnotes":""},"categories":[1],"tags":[],"class_list":["post-470","post","type-post","status-publish","format-standard","hentry","category-uncategorized"],"_links":{"self":[{"href":"https:\/\/balneariolaconcordia.com\/index.php?rest_route=\/wp\/v2\/posts\/470","targetHints":{"allow":["GET"]}}],"collection":[{"href":"https:\/\/balneariolaconcordia.com\/index.php?rest_route=\/wp\/v2\/posts"}],"about":[{"href":"https:\/\/balneariolaconcordia.com\/index.php?rest_route=\/wp\/v2\/types\/post"}],"author":[{"embeddable":true,"href":"https:\/\/balneariolaconcordia.com\/index.php?rest_route=\/wp\/v2\/users\/1"}],"replies":[{"embeddable":true,"href":"https:\/\/balneariolaconcordia.com\/index.php?rest_route=%2Fwp%2Fv2%2Fcomments&post=470"}],"version-history":[{"count":0,"href":"https:\/\/balneariolaconcordia.com\/index.php?rest_route=\/wp\/v2\/posts\/470\/revisions"}],"wp:attachment":[{"href":"https:\/\/balneariolaconcordia.com\/index.php?rest_route=%2Fwp%2Fv2%2Fmedia&parent=470"}],"wp:term":[{"taxonomy":"category","embeddable":true,"href":"https:\/\/balneariolaconcordia.com\/index.php?rest_route=%2Fwp%2Fv2%2Fcategories&post=470"},{"taxonomy":"post_tag","embeddable":true,"href":"https:\/\/balneariolaconcordia.com\/index.php?rest_route=%2Fwp%2Fv2%2Ftags&post=470"}],"curies":[{"name":"wp","href":"https:\/\/api.w.org\/{rel}","templated":true}]}}