{"id":553,"date":"2014-01-22T17:24:27","date_gmt":"2014-01-22T17:24:27","guid":{"rendered":"http:\/\/www.balneariolaconcordia.com\/?p=553"},"modified":"2014-01-22T17:24:27","modified_gmt":"2014-01-22T17:24:27","slug":"este-sabado-se-llevara-a-cabo-la-2a-edicion-de-reina-de-la-concordia-2014","status":"publish","type":"post","link":"https:\/\/balneariolaconcordia.com\/?p=553","title":{"rendered":"Este SABADO Se LLEVARA A CABO La 2\u00aa EDICION De REINA De La CONCORDIA 2014"},"content":{"rendered":"<p><strong><em>El Municipio de Dolores viene trabajando en la organizaci\u00f3n de la 2\u00aa Edici\u00f3n de la Reina de la Concordia, la cual se llevar\u00e1 a cabo este s\u00e1bado 25 del cte. La misma contar\u00e1 con la participaci\u00f3n de aspirantes de diferentes puntos del pa\u00eds y de la Rep\u00fablica Argentina.<\/em><\/strong><\/p>\n<p>El evento dar\u00e1 comienzo a las 22:00 hs. en escenario montado en el bulevar frente a la playa. Es de destacar que nos visitar\u00e1n jurados de otras latitudes los cuales llegan a conocer las bellezas de nuestro principal balneario y el departamento en su conjunto.<\/p>\n<p>M\u00f3nica Gonz\u00e1lez, ide\u00f3loga de la elecci\u00f3n de la reina de la Concordia, nos brind\u00f3 m\u00e1s detalles del evento.<\/p>\n<p>El evento ser\u00e1 emitido en diferido por canal 5 en un programa especial que se producir\u00e1 la semana que viene.<\/p>\n<p>Gonz\u00e1lez anunci\u00f3 que las aspirantes ma\u00f1ana estar\u00e1n disfrutando de un paseo en el catamar\u00e1n \u201cSoriano 1\u201d posterior a una conferencia de prensa que se har\u00e1 en el Rosedal.<\/p>\n<p>Tambi\u00e9n se inform\u00f3 que habr\u00e1 una exposici\u00f3n de obras de artistas locales en los alrededores de Parador Puerto Aldao, encabezado por la artista pl\u00e1stica Cristina Galeano.<\/p>\n<p><strong><span style=\"text-decoration: underline;\">FUENTE:<\/span><\/strong><\/p>\n<p>https:\/\/www.facebook.com\/doloresfm.laradiolider<\/p>\n","protected":false},"excerpt":{"rendered":"<p>El Municipio de Dolores viene trabajando en la organizaci\u00f3n de la 2\u00aa Edici\u00f3n de la Reina de la Concordia, la cual se llevar\u00e1 a cabo este s\u00e1bado 25 del cte. La misma contar\u00e1 con la participaci\u00f3n de aspirantes de diferentes puntos del pa\u00eds y de la Rep\u00fablica Argentina. El evento dar\u00e1 comienzo a las 22:00 [&hellip;]<\/p>\n","protected":false},"author":1,"featured_media":0,"comment_status":"open","ping_status":"open","sticky":false,"template":"","format":"standard","meta":{"footnotes":""},"categories":[1],"tags":[],"class_list":["post-553","post","type-post","status-publish","format-standard","hentry","category-uncategorized"],"_links":{"self":[{"href":"https:\/\/balneariolaconcordia.com\/index.php?rest_route=\/wp\/v2\/posts\/553","targetHints":{"allow":["GET"]}}],"collection":[{"href":"https:\/\/balneariolaconcordia.com\/index.php?rest_route=\/wp\/v2\/posts"}],"about":[{"href":"https:\/\/balneariolaconcordia.com\/index.php?rest_route=\/wp\/v2\/types\/post"}],"author":[{"embeddable":true,"href":"https:\/\/balneariolaconcordia.com\/index.php?rest_route=\/wp\/v2\/users\/1"}],"replies":[{"embeddable":true,"href":"https:\/\/balneariolaconcordia.com\/index.php?rest_route=%2Fwp%2Fv2%2Fcomments&post=553"}],"version-history":[{"count":0,"href":"https:\/\/balneariolaconcordia.com\/index.php?rest_route=\/wp\/v2\/posts\/553\/revisions"}],"wp:attachment":[{"href":"https:\/\/balneariolaconcordia.com\/index.php?rest_route=%2Fwp%2Fv2%2Fmedia&parent=553"}],"wp:term":[{"taxonomy":"category","embeddable":true,"href":"https:\/\/balneariolaconcordia.com\/index.php?rest_route=%2Fwp%2Fv2%2Fcategories&post=553"},{"taxonomy":"post_tag","embeddable":true,"href":"https:\/\/balneariolaconcordia.com\/index.php?rest_route=%2Fwp%2Fv2%2Ftags&post=553"}],"curies":[{"name":"wp","href":"https:\/\/api.w.org\/{rel}","templated":true}]}}