{"id":559,"date":"2014-01-27T20:29:49","date_gmt":"2014-01-27T20:29:49","guid":{"rendered":"http:\/\/www.balneariolaconcordia.com\/?p=559"},"modified":"2014-01-27T20:29:49","modified_gmt":"2014-01-27T20:29:49","slug":"la-representante-de-florida-es-la-reina-de-la-concordia-2014","status":"publish","type":"post","link":"https:\/\/balneariolaconcordia.com\/?p=559","title":{"rendered":"La REPRESENTANTE De FLORIDA Es La REINA De La CONCORDIA 2014"},"content":{"rendered":"<p><strong><em>Una exitosa 2\u00aa Edici\u00f3n de la Reina de la Concordia \u2013seg\u00fan calificaci\u00f3n de la organizadora- y con buen marco de p\u00fablico Caroline Leticia Collins Pastorin de Florida es la reina de \u201cLa Concordia\u201d. El sequito se completa con Valentina Garc\u00eda (de Colonia) como Primera Princesa y Valentina Gonz\u00e1lez (de Cerro Largo) como segunda princesa.<\/em><\/strong><\/p>\n<p><a href=\"http:\/\/www.balneariolaconcordia.com\/wp-content\/uploads\/2014\/01\/ReinaDeLaConcordia2014-www.balneariolaconcordia.com_.jpg\"><img loading=\"lazy\" decoding=\"async\" class=\"aligncenter size-full wp-image-561\" alt=\"ReinaDeLaConcordia2014-www.balneariolaconcordia.com\" src=\"http:\/\/www.balneariolaconcordia.com\/wp-content\/uploads\/2014\/01\/ReinaDeLaConcordia2014-www.balneariolaconcordia.com_.jpg\" width=\"640\" height=\"640\" \/><\/a><\/p>\n<p>El evento se desarroll\u00f3 frente a la playa cerca del parador Puerto Aldao.<\/p>\n<p>En la ocasi\u00f3n, estuvieron presentes entre otras autoridades,la Presidenta de la Junta Departamental de Soriano Maestra Nilda costa Far\u00edas, el Alcalde de Dolores Lic. Javier Utermark, el Concejal local Walter Sasso, y el Director de Turismo de la comuna, Jos\u00e9 Luis Perazza.<\/p>\n<p><!--more--><\/p>\n<p>El desfile, que consisti\u00f3 en tres pasadas en la pasarela, fue \u00e1gil y tan din\u00e1mico que ni hubo oportunidad de aburrirse y adem\u00e1s se cont\u00f3 con espect\u00e1culo musical antes del desfile y de conocerse el resultado.<\/p>\n<p>Luego de la premiaci\u00f3n tanto el jurado como la reina, su s\u00e9quito, junto a las dem\u00e1s chicas fueron agasajados con una picada en el parador Puerto Aldao. Donde la prensa tambi\u00e9n fue invitada, y el nivel de atenci\u00f3n fue muy bueno en la ocasi\u00f3n.<\/p>\n<p>Pasados los saludos de felicitaciones, dialog\u00e1bamos con la flamante reina, quien expresaba.<\/p>\n<p>La organizadora del evento, la Gestor Cultural, M\u00f3nica Gonz\u00e1lez, dijo que el evento fue un \u00e9xito y tuvo palabras de agradecimiento a todos que colaboraron de una u otra forma.<\/p>\n<p>Adelant\u00f3 que el a\u00f1o que viene se realizar\u00e1n actividades de todo tipo durante una semana, y como cierre ser\u00e1 la elecci\u00f3n de la reina del balneario \u201cLa Concordia\u201d.<\/p>\n<p>La presidenta de la Junta Departamental, Nilda Costa, fue parte del jurado y evalu\u00f3 la jornada destacando el gran nivel de las petulantes.<\/p>\n<p>Sostuvo en un tramo de la nota que \u201chac\u00eda a\u00f1os\u00bb no andaba por el balneario y vio \u201cun crecimiento\u201d importante en la zona.<\/p>\n<p>Agreg\u00f3 que el evento es \u00abfamiliar\u00bb y por eso no hay que perder\u201d esa esencia.<\/p>\n<p>Quien tambi\u00e9n estuvo en la jornada fue el Director de Turismo de la intendencia, Jos\u00e9 Luis Perazza. El jerarca se\u00f1al\u00f3 que es un evento caracter\u00edstico del verano y que se hace en el principal balneario que tiene el departamento. Sostuvo que el evento agrega un toque de gracia\u201d a un lugar que crece a\u00f1o tras a\u00f1o.<\/p>\n<p><span style=\"text-decoration: underline;\">FUENTE:<\/span><\/p>\n<p>https:\/\/www.facebook.com\/doloresfm.laradiolider<\/p>\n<p>https:\/\/www.facebook.com\/mlafranchi (Foto)<\/p>\n","protected":false},"excerpt":{"rendered":"<p>Una exitosa 2\u00aa Edici\u00f3n de la Reina de la Concordia \u2013seg\u00fan calificaci\u00f3n de la organizadora- y con buen marco de p\u00fablico Caroline Leticia Collins Pastorin de Florida es la reina de \u201cLa Concordia\u201d. El sequito se completa con Valentina Garc\u00eda (de Colonia) como Primera Princesa y Valentina Gonz\u00e1lez (de Cerro Largo) como segunda princesa. El [&hellip;]<\/p>\n","protected":false},"author":1,"featured_media":0,"comment_status":"open","ping_status":"open","sticky":false,"template":"","format":"standard","meta":{"footnotes":""},"categories":[1],"tags":[],"class_list":["post-559","post","type-post","status-publish","format-standard","hentry","category-uncategorized"],"_links":{"self":[{"href":"https:\/\/balneariolaconcordia.com\/index.php?rest_route=\/wp\/v2\/posts\/559","targetHints":{"allow":["GET"]}}],"collection":[{"href":"https:\/\/balneariolaconcordia.com\/index.php?rest_route=\/wp\/v2\/posts"}],"about":[{"href":"https:\/\/balneariolaconcordia.com\/index.php?rest_route=\/wp\/v2\/types\/post"}],"author":[{"embeddable":true,"href":"https:\/\/balneariolaconcordia.com\/index.php?rest_route=\/wp\/v2\/users\/1"}],"replies":[{"embeddable":true,"href":"https:\/\/balneariolaconcordia.com\/index.php?rest_route=%2Fwp%2Fv2%2Fcomments&post=559"}],"version-history":[{"count":0,"href":"https:\/\/balneariolaconcordia.com\/index.php?rest_route=\/wp\/v2\/posts\/559\/revisions"}],"wp:attachment":[{"href":"https:\/\/balneariolaconcordia.com\/index.php?rest_route=%2Fwp%2Fv2%2Fmedia&parent=559"}],"wp:term":[{"taxonomy":"category","embeddable":true,"href":"https:\/\/balneariolaconcordia.com\/index.php?rest_route=%2Fwp%2Fv2%2Fcategories&post=559"},{"taxonomy":"post_tag","embeddable":true,"href":"https:\/\/balneariolaconcordia.com\/index.php?rest_route=%2Fwp%2Fv2%2Ftags&post=559"}],"curies":[{"name":"wp","href":"https:\/\/api.w.org\/{rel}","templated":true}]}}