{"id":619,"date":"2015-02-03T01:59:00","date_gmt":"2015-02-03T01:59:00","guid":{"rendered":"http:\/\/www.balneariolaconcordia.com\/?p=619"},"modified":"2015-02-03T01:59:00","modified_gmt":"2015-02-03T01:59:00","slug":"emily-fabeiro-de-maldonado-fue-electa-reina-de-la-concordia-2015","status":"publish","type":"post","link":"https:\/\/balneariolaconcordia.com\/?p=619","title":{"rendered":"Emily Fabeiro de Maldonado Fue Electa \u201cReina de La Concordia\u201d 2015"},"content":{"rendered":"<div id=\"js_ca\" class=\"_5pbx userContent\" data-ft=\"{&quot;tn&quot;:&quot;K&quot;}\">\n<p>Sobre la hora 2 de la madrugada de ayer, fue electa la \u201cReina de La Concordia\u201d 2015.<\/p>\n<p>Emily Fabeiro de Maldonado es la nueva soberana de este balneario muy pr\u00f3ximo a la ciudad de Dolores.<\/p>\n<p>Como primera princesa fue electa Mar\u00eda Eugenia Mart\u00ednez de Melo y segunda princesa: Br\u00edgida Ojeda de Lazcano (Rocha).<\/p>\n<p>Un importante marco de p\u00fablico se hizo presente en La Concordia para presenciar esta elecci\u00f3n de la que participaron 14 postulantes.<\/p>\n<\/div>\n<div>\n<div data-ft=\"{&quot;tn&quot;:&quot;H&quot;}\">\n<div class=\"mtm\">\n<div class=\"_5cq3\" data-ft=\"{&quot;tn&quot;:&quot;E&quot;}\">\n<div id=\"u_jsonp_25_1d\" class=\"uiScaledImageContainer _4-ep\"><img loading=\"lazy\" decoding=\"async\" class=\"scaledImageFitWidth img\" src=\"https:\/\/scontent-b-mia.xx.fbcdn.net\/hphotos-xpf1\/v\/t1.0-9\/p526x395\/10462990_396192140542961_2330871867568300406_n.jpg?oh=4136045291c25649aab31568e11a1db4&amp;oe=5521287D\" alt=\"Emily Fabeiro de Maldonado Fue Electa \u201cReina de La Concordia\u201d 2015&lt;\/p&gt;&lt;br \/&gt;\n&lt;p&gt;General | 02 Feb. Sobre la hora 2 de la madrugada de ayer, fue electa la \u201cReina de La Concordia\u201d 2015.  Emily Fabeiro de Maldonado es la nueva soberana de este balneario muy pr\u00f3ximo a la ciudad de Dolores.&lt;br \/&gt;&lt;br \/&gt;\nComo primera princesa fue electa Mar\u00eda Eugenia Mart\u00ednez de Melo y segunda princesa: Br\u00edgida Ojeda de Lazcano (Rocha).&lt;br \/&gt;&lt;br \/&gt;\nUn importante marco de p\u00fablico se hizo presente en La Concordia para presenciar esta elecci\u00f3n de la que participaron 14 postulantes.\" width=\"470\" height=\"314\" \/><\/div>\n<\/div>\n<\/div>\n<\/div>\n<\/div>\n<p>FUENTE:<\/p>\n<p>https:\/\/www.facebook.com\/diariocronicas.mercedes?fref=nf<\/p>\n","protected":false},"excerpt":{"rendered":"<p>Sobre la hora 2 de la madrugada de ayer, fue electa la \u201cReina de La Concordia\u201d 2015. Emily Fabeiro de Maldonado es la nueva soberana de este balneario muy pr\u00f3ximo a la ciudad de Dolores. Como primera princesa fue electa Mar\u00eda Eugenia Mart\u00ednez de Melo y segunda princesa: Br\u00edgida Ojeda de Lazcano (Rocha). Un importante [&hellip;]<\/p>\n","protected":false},"author":1,"featured_media":0,"comment_status":"open","ping_status":"open","sticky":false,"template":"","format":"standard","meta":{"footnotes":""},"categories":[1],"tags":[],"class_list":["post-619","post","type-post","status-publish","format-standard","hentry","category-uncategorized"],"_links":{"self":[{"href":"https:\/\/balneariolaconcordia.com\/index.php?rest_route=\/wp\/v2\/posts\/619","targetHints":{"allow":["GET"]}}],"collection":[{"href":"https:\/\/balneariolaconcordia.com\/index.php?rest_route=\/wp\/v2\/posts"}],"about":[{"href":"https:\/\/balneariolaconcordia.com\/index.php?rest_route=\/wp\/v2\/types\/post"}],"author":[{"embeddable":true,"href":"https:\/\/balneariolaconcordia.com\/index.php?rest_route=\/wp\/v2\/users\/1"}],"replies":[{"embeddable":true,"href":"https:\/\/balneariolaconcordia.com\/index.php?rest_route=%2Fwp%2Fv2%2Fcomments&post=619"}],"version-history":[{"count":0,"href":"https:\/\/balneariolaconcordia.com\/index.php?rest_route=\/wp\/v2\/posts\/619\/revisions"}],"wp:attachment":[{"href":"https:\/\/balneariolaconcordia.com\/index.php?rest_route=%2Fwp%2Fv2%2Fmedia&parent=619"}],"wp:term":[{"taxonomy":"category","embeddable":true,"href":"https:\/\/balneariolaconcordia.com\/index.php?rest_route=%2Fwp%2Fv2%2Fcategories&post=619"},{"taxonomy":"post_tag","embeddable":true,"href":"https:\/\/balneariolaconcordia.com\/index.php?rest_route=%2Fwp%2Fv2%2Ftags&post=619"}],"curies":[{"name":"wp","href":"https:\/\/api.w.org\/{rel}","templated":true}]}}