{"id":783,"date":"2018-01-19T06:49:20","date_gmt":"2018-01-19T06:49:20","guid":{"rendered":"http:\/\/www.balneariolaconcordia.com\/?p=783"},"modified":"2018-01-19T06:49:20","modified_gmt":"2018-01-19T06:49:20","slug":"balneario-la-concordia-una-temporada-las","status":"publish","type":"post","link":"https:\/\/balneariolaconcordia.com\/?p=783","title":{"rendered":"Balneario la Concordia; una temporada como las de antes"},"content":{"rendered":"<p><a href=\"http:\/\/www.balneariolaconcordia.com\/wp-content\/uploads\/2018\/01\/Balneario-la-Concordia-una-temporada-como-las-de-antes-FedericoMartinez-BalnearioLaConcordia.com_.jpg\"><img loading=\"lazy\" decoding=\"async\" src=\"http:\/\/www.balneariolaconcordia.com\/wp-content\/uploads\/2018\/01\/Balneario-la-Concordia-una-temporada-como-las-de-antes-FedericoMartinez-BalnearioLaConcordia.com_-300x225.jpg\" alt=\"\" width=\"300\" height=\"225\" class=\"alignleft size-medium wp-image-786\" \/><\/a><strong>Balneario la Concordia; una temporada como las de antes. Informe especial por Federico Mart\u00ecnez, para Dolores 360 y Diario IRUP\u00c8. <\/strong><\/p>\n<p>En la primera quincena de la temporada cerca de 600 personas se alojaron en la zona de campings, en carpas, casas rodantes, motorhome y camiones. Las carpas registradas hasta el lunes sumaban 258.<\/p>\n<p>Balneario la Concordia vive una gran temporada, como las de antes seg\u00fan se\u00f1alo a Dolores 360 y Diario IRUP\u00c8 Alba Michelena residente permanente del lugar. <\/p>\n<p>El comentario entre quienes viven pr\u00e1cticamente todo el a\u00f1o all\u00ed es el mismo, \u201chac\u00eda muchos a\u00f1os que no se ve\u00eda tanta gente\u201d.<\/p>\n<p>Se destaca adem\u00e1s la presencia de muchas familias que llegan desde el Departamento vecino Colonia.<\/p>\n<p>La oficina de Turismo del Municipio de Dolores, en <a href=\"http:\/\/www.balneariolaconcordia.com\" rel=\"noopener\" target=\"_blank\">Balneario la Concordia<\/a>, registr\u00f3 160 carpas en los campings. En el periodo comprendido entre el jueves 4 de enero y el domingo 7 del mismo mes.<\/p>\n<p>Seg\u00fan los registros en los campings, estuvieron 225 personas mayores de 12 a\u00f1os, a las cuales se les cobra y 80 menores a 12 a\u00f1os, a quienes no se les cobra.<\/p>\n<p>En tanto desde el lunes 8, al lunes 15 de enero, se registraron 98 carpas, seis casas rodantes, dos motor-home y dos camiones. Con un total de 205 personas mayores de 12 a\u00f1os y 59 menores de 12 a\u00f1os.<br \/>\n<!--more--><br \/>\n<a href=\"http:\/\/www.balneariolaconcordia.com\/wp-content\/uploads\/2018\/01\/Balneario-la-Concordia-una-temporada-como-las-de-antes-FedericoMartinez-BalnearioLaConcordia.com_.jpg\"><img loading=\"lazy\" decoding=\"async\" src=\"http:\/\/www.balneariolaconcordia.com\/wp-content\/uploads\/2018\/01\/Balneario-la-Concordia-una-temporada-como-las-de-antes-FedericoMartinez-BalnearioLaConcordia.com_.jpg\" alt=\"Balneario-la-Concordia-una-temporada-como-las-de-antes-FedericoMartinez-BalnearioLaConcordia.com\" width=\"767\" height=\"576\" class=\"aligncenter size-full wp-image-786\" \/><\/a><br \/>\nEn cuanto a las caba\u00f1as y moteles municipales, la ocupaci\u00f3n es del cien por ciento desde la primera quincena de diciembre y est\u00e1n reservadas hasta el mes de marzo.<\/p>\n<p>Las casas particulares cuentan con muy buena ocupaci\u00f3n, pr\u00e1cticamente de manera permanente. En este aspecto las casas disponibles son las de mayor capacidad de albergue de turistas.<\/p>\n<p>Adem\u00e1s tambi\u00e9n se destaca el tr\u00e1fico de personas permanente durante todos los d\u00edas de la semana, que por una cuesti\u00f3n de cercan\u00eda, optan por ir a pasar la tarde a Balneario la Concordia.<\/p>\n<p><strong>NUEVOS PRECIOS DE CAMPING Y CABA\u00d1AS MUNICIPALES DEL DEPARTAMENTO.<\/strong><\/p>\n<p>La Intendencia de Soriano fij\u00f3 los precios para alquiler de caba\u00f1as y uso de predios en los campings del departamento.<\/p>\n<p>Las nuevas tarifas, que comenzar\u00e1n a regir a partir del 1 de febrero, son las siguientes:<br \/>\nCasa Rodante, motor home, cami\u00f3n\u2026\u2026\u2026\u2026\u2026 $ 150 por d\u00eda<br \/>\nCarpa\u2026\u2026\u2026\u2026\u2026\u2026\u2026\u2026\u2026\u2026\u2026\u2026\u2026\u2026\u2026\u2026\u2026\u2026. $ 100 por d\u00eda<br \/>\nPersona\u2026\u2026\u2026\u2026\u2026\u2026\u2026\u2026\u2026\u2026\u2026\u2026\u2026\u2026\u2026\u2026\u2026. $ 30 por d\u00eda<br \/>\nElectrodom\u00e9sticos\u2026\u2026\u2026\u2026\u2026\u2026\u2026\u2026\u2026\u2026\u2026\u2026\u2026 $ 30 por d\u00eda<br \/>\nMenores de 12 a\u00f1os sin costo<br \/>\nCaba\u00f1as\u2026\u2026\u2026\u2026\u2026\u2026\u2026\u2026\u2026\u2026\u2026\u2026\u2026\u2026\u2026\u2026\u2026.$ 800 por d\u00eda<\/p>\n<p>FUENTE: <a href=\"https:\/\/www.facebook.com\/federicojonathan.martinezjaime\" rel=\"noopener\" target=\"_blank\">https:\/\/www.facebook.com\/federicojonathan.martinezjaime<\/a><\/p>\n","protected":false},"excerpt":{"rendered":"<p>Balneario la Concordia; una temporada como las de antes. Informe especial por Federico Mart\u00ecnez, para Dolores 360 y Diario IRUP\u00c8. En la primera quincena de la temporada cerca de 600 personas se alojaron en la zona de campings, en carpas, casas rodantes, motorhome y camiones. Las carpas registradas hasta el lunes sumaban 258. Balneario la [&hellip;]<\/p>\n","protected":false},"author":1,"featured_media":0,"comment_status":"open","ping_status":"open","sticky":false,"template":"","format":"standard","meta":{"footnotes":""},"categories":[1],"tags":[],"class_list":["post-783","post","type-post","status-publish","format-standard","hentry","category-uncategorized"],"_links":{"self":[{"href":"https:\/\/balneariolaconcordia.com\/index.php?rest_route=\/wp\/v2\/posts\/783","targetHints":{"allow":["GET"]}}],"collection":[{"href":"https:\/\/balneariolaconcordia.com\/index.php?rest_route=\/wp\/v2\/posts"}],"about":[{"href":"https:\/\/balneariolaconcordia.com\/index.php?rest_route=\/wp\/v2\/types\/post"}],"author":[{"embeddable":true,"href":"https:\/\/balneariolaconcordia.com\/index.php?rest_route=\/wp\/v2\/users\/1"}],"replies":[{"embeddable":true,"href":"https:\/\/balneariolaconcordia.com\/index.php?rest_route=%2Fwp%2Fv2%2Fcomments&post=783"}],"version-history":[{"count":0,"href":"https:\/\/balneariolaconcordia.com\/index.php?rest_route=\/wp\/v2\/posts\/783\/revisions"}],"wp:attachment":[{"href":"https:\/\/balneariolaconcordia.com\/index.php?rest_route=%2Fwp%2Fv2%2Fmedia&parent=783"}],"wp:term":[{"taxonomy":"category","embeddable":true,"href":"https:\/\/balneariolaconcordia.com\/index.php?rest_route=%2Fwp%2Fv2%2Fcategories&post=783"},{"taxonomy":"post_tag","embeddable":true,"href":"https:\/\/balneariolaconcordia.com\/index.php?rest_route=%2Fwp%2Fv2%2Ftags&post=783"}],"curies":[{"name":"wp","href":"https:\/\/api.w.org\/{rel}","templated":true}]}}