{"id":830,"date":"2020-01-10T23:23:38","date_gmt":"2020-01-10T23:23:38","guid":{"rendered":"http:\/\/www.balneariolaconcordia.com\/?p=830"},"modified":"2020-01-10T23:23:38","modified_gmt":"2020-01-10T23:23:38","slug":"se-inaugura-el-remodelado-parador-municipal-de-la-concordia","status":"publish","type":"post","link":"https:\/\/balneariolaconcordia.com\/?p=830","title":{"rendered":"SE INAUGURA EL REMODELADO PARADOR MUNICIPAL DE \u201cLA CONCORDIA\u201d."},"content":{"rendered":"\n<figure class=\"wp-block-image size-large\"><img decoding=\"async\" src=\"http:\/\/www.balneariolaconcordia.com\/wp-content\/uploads\/2020\/01\/gente-playa-parador-municipal-blanerio-la-concordia-www.balneariolaconcordia.com_-1024x646.jpg\" alt=\"\" class=\"wp-image-832\"\/><\/figure>\n\n\n\n<p> &#x1f3d6;Se inaugura este s\u00e1bado 11 el remodelado parador municipal del <a href=\"http:\/\/www.balneariolaconcordia.com\" target=\"_blank\" rel=\"noreferrer noopener\" aria-label=\"balneario \u201cLa Concordia\u201d (se abre en una nueva pesta\u00f1a)\">balneario \u201cLa Concordia\u201d<\/a>, que fue totalmente  remodelado en el marco de un plan de la Intendencia de Soriano para  fortalecer la infraestructura de los lugares de inter\u00e9s tur\u00edstico.<\/p>\n\n\n\n<p> &#x1f3d6;Para  dejar habilitado el remozado parador, se realizar\u00e1 <strong><em>un show desde la  hora 20:30<\/em><\/strong>, con la actuaci\u00f3n de: <strong>Marcos Montiel <\/strong>y su variado repertorio,  orquesta <strong>La Borikua<\/strong> y la presentaci\u00f3n de <strong>Marcelo Garay<\/strong> con toda su  banda.<\/p>\n\n\n\n<p> &#x1f3d6;Estos espect\u00e1culos forman parte del calendario de verano programado por el <a href=\"http:\/\/www.sorianodigital.com\/dolores\/\" target=\"_blank\" rel=\"noreferrer noopener\" aria-label=\"Municipio de Dolores (se abre en una nueva pesta\u00f1a)\">Municipio de Dolores<\/a> y la Mesa de Turismo local.<\/p>\n\n\n\n<p> &#x1f3d6;Respecto  a las tareas realizadas en el parador, fueron la mejora de la  infraestructura edilicia con trabajos de alba\u00f1iler\u00eda, pintura, sanitaria  y el\u00e9ctrica, lo que fue realizado por la empresa Tucson S.A.,  contratada tras la correspondiente licitaci\u00f3n.<\/p>\n\n\n\n<p> &#x1f3d6;Cabe  indicar que en lo que va de la temporada de verano, el balneario \u201cLa  Concordia\u201d viene registrando una muy buena presencia de visitantes, lo  cual se refleja en la masiva presencia de veraneantes en la playa, el  camping y las caba\u00f1as.<\/p>\n\n\n\n<p>FUENTE: https:\/\/www.facebook.com\/intendenciasoriano\/<\/p>\n","protected":false},"excerpt":{"rendered":"<p>&#x1f3d6;Se inaugura este s\u00e1bado 11 el remodelado parador municipal del balneario \u201cLa Concordia\u201d, que fue totalmente remodelado en el marco de un plan de la Intendencia de Soriano para fortalecer la infraestructura de los lugares de inter\u00e9s tur\u00edstico. &#x1f3d6;Para dejar habilitado el remozado parador, se realizar\u00e1 un show desde la hora 20:30, con la actuaci\u00f3n [&hellip;]<\/p>\n","protected":false},"author":1,"featured_media":0,"comment_status":"open","ping_status":"open","sticky":false,"template":"","format":"standard","meta":{"footnotes":""},"categories":[6],"tags":[],"class_list":["post-830","post","type-post","status-publish","format-standard","hentry","category-temporada-19-20"],"_links":{"self":[{"href":"https:\/\/balneariolaconcordia.com\/index.php?rest_route=\/wp\/v2\/posts\/830","targetHints":{"allow":["GET"]}}],"collection":[{"href":"https:\/\/balneariolaconcordia.com\/index.php?rest_route=\/wp\/v2\/posts"}],"about":[{"href":"https:\/\/balneariolaconcordia.com\/index.php?rest_route=\/wp\/v2\/types\/post"}],"author":[{"embeddable":true,"href":"https:\/\/balneariolaconcordia.com\/index.php?rest_route=\/wp\/v2\/users\/1"}],"replies":[{"embeddable":true,"href":"https:\/\/balneariolaconcordia.com\/index.php?rest_route=%2Fwp%2Fv2%2Fcomments&post=830"}],"version-history":[{"count":0,"href":"https:\/\/balneariolaconcordia.com\/index.php?rest_route=\/wp\/v2\/posts\/830\/revisions"}],"wp:attachment":[{"href":"https:\/\/balneariolaconcordia.com\/index.php?rest_route=%2Fwp%2Fv2%2Fmedia&parent=830"}],"wp:term":[{"taxonomy":"category","embeddable":true,"href":"https:\/\/balneariolaconcordia.com\/index.php?rest_route=%2Fwp%2Fv2%2Fcategories&post=830"},{"taxonomy":"post_tag","embeddable":true,"href":"https:\/\/balneariolaconcordia.com\/index.php?rest_route=%2Fwp%2Fv2%2Ftags&post=830"}],"curies":[{"name":"wp","href":"https:\/\/api.w.org\/{rel}","templated":true}]}}